{"id":6839,"date":"2022-09-16T04:20:00","date_gmt":"2022-09-16T04:20:00","guid":{"rendered":"https:\/\/www.thehighcloud.eu\/?p=6839"},"modified":"2025-04-03T10:52:14","modified_gmt":"2025-04-03T10:52:14","slug":"eigenaar-cafe-coffeeshop-cremers-in-den-haag-gerard-smit-thc-podcast-s01e10","status":"publish","type":"post","link":"https:\/\/thehighcloud.eu\/nl\/2022\/09\/16\/eigenaar-cafe-coffeeshop-cremers-in-den-haag-gerard-smit-thc-podcast-s01e10\/","title":{"rendered":"Eigenaar Caf\u00e9 &amp; Coffeeshop Cremers in Den Haag: Gerard Smit"},"content":{"rendered":"\n<p><strong>In de tiende en laatste aflevering van het eerste seizoen van <a href=\"https:\/\/www.thehighcloud.eu\/nl\/category\/podcast-nl\/\" target=\"_blank\" rel=\"noreferrer noopener\">The High Cloud Podcast<\/a> wordt Uncle Kush warm ontvangen door de markante Gerard Smit. De intrigerende eigenaar van <a href=\"https:\/\/instagram.com\/cafecremers\/\" target=\"_blank\" rel=\"noreferrer noopener\">Coffeeshop (en Caf\u00e9) Cremers<\/a> in Den Haag werkt al sinds de jaren \u201990 in de Haagse coffeeshop-scene. Hoe is deze branche volgens hem ontwikkeld in de afgelopen 30 jaar; en hoe kijkt Gerard aan tegen dingen als dabben en het wietexperiment? Ontdek het in de seizoensfinale van The High Cloud seizoen 1:<\/strong><\/p>\n\n\n\n<h2 class=\"wp-block-heading\">Gerard &#8216;Cremers&#8217; Smit<\/h2>\n\n\n\n<p>Gerard werkt al sinds de jaren &#8217;90 in de Haagse coffeeshop-scene. Een normale stap voor hem; want hij groeide op met cannabis, zo vertelt hij in de tiende aflevering van The High Cloud podcast. Hij kwam bij <a href=\"https:\/\/www.cafecremers.nl\/\" target=\"_blank\" rel=\"noreferrer noopener\">Coffeeshop Cremers<\/a> te werken toen de zaak net z&#8217;n nieuwe naam kreeg. Daarvoor was de shop (van toenmalig eigenaar Joop) namelijk een Bulldog coffeeshop. Jarenlang werkte Gerard voor Joop, totdat hij de zaak kon overnemen en z&#8217;n eigen draai kon geven. En niet geheel onverdienstelijk, want tegenwoordig sleept coffeeshop Cremers prijs na prijs binnen. <\/p>\n\n\n\n<h2 class=\"wp-block-heading\">Ontwikkelingen in de coffeeshop-branche<\/h2>\n\n\n\n<p>Gerard weet als coffeeshop-eigenaar alles over de branche en haar ontwikkelingen in de afgelopen 30 jaar. Hij vertelt bijvoorbeeld dat we van een verkopers- naar een kopersmarkt gingen. Maar hij maakte ook de introductie van Cali-strains mee; en ziet landraces en Nederlandse klassiekers langzaamaan verdwijnen. Ook had hij persoonlijke uitdagingen te verwerken, waaronder de sluiting tijdens de coronaperiode vlak na een mega-verbouwing. Hoe kijkt Gerard aan tegen deze ontwikkelingen en hoe ziet hij de toekomst? Je ziet (en hoort) het in de tiende aflevering van The High Cloud Podcast.<\/p>\n\n\n\n<figure class=\"wp-block-image size-large\"><a href=\"https:\/\/youtu.be\/FSqAft9JEPk\" target=\"_blank\" rel=\"noreferrer noopener\"><img fetchpriority=\"high\" decoding=\"async\" width=\"1024\" height=\"576\" src=\"https:\/\/www.thehighcloud.eu\/wp-content\/uploads\/2022\/09\/Coffeeshop-Cremers-1024x576.jpeg\" alt=\"\" class=\"wp-image-6840\" srcset=\"https:\/\/thehighcloud.eu\/wp-content\/uploads\/2022\/09\/Coffeeshop-Cremers-1024x576.jpeg 1024w, https:\/\/thehighcloud.eu\/wp-content\/uploads\/2022\/09\/Coffeeshop-Cremers-300x169.jpeg 300w, https:\/\/thehighcloud.eu\/wp-content\/uploads\/2022\/09\/Coffeeshop-Cremers-768x432.jpeg 768w, https:\/\/thehighcloud.eu\/wp-content\/uploads\/2022\/09\/Coffeeshop-Cremers-600x338.jpeg 600w, https:\/\/thehighcloud.eu\/wp-content\/uploads\/2022\/09\/Coffeeshop-Cremers.jpeg 1280w\" sizes=\"(max-width: 1024px) 100vw, 1024px\" \/><\/a><\/figure>\n\n\n\n<h2 class=\"wp-block-heading\">Coffeeshop Cremers<\/h2>\n\n\n\n<p>Coffeeshop Cremers vind je al sinds 1990 op de Prinsenstraat 84 in Den Haag. De linkerdeur van dit hoekpand is de ingang van de coffeeshop, een afhaalloket met een indrukwekkend menu. Caf\u00e9 Cremers is het 420-friendly caf\u00e9 van Cremers, dat vind je achter de rechterdeur van het hoekpand. In dit caf\u00e9 kun je dus je jointje (puur) roken \u00e9n een lekkere snack of (alcoholisch) drankje nemen. GENIETEN geblazen! <\/p>\n\n\n\n<p>Let op, Caf\u00e9 Cremers kom je alleen binnen met een bonnetje van een recente aankoop in de coffeeshop \u00f3f met een lifetime Gold Card. Die laatste is persoonlijk en moet je natuurlijk verdienen, daar zijn er niet zoveel van in omloop. De gehele maand September is het caf\u00e9 trouwens gesloten zodat het personeel kan uitrusten. Wie zien we daar in Oktober? <\/p>\n\n\n\n<div class=\"wp-block-buttons is-layout-flex wp-block-buttons-is-layout-flex\">\n<div class=\"wp-block-button aligncenter\"><a class=\"wp-block-button__link has-text-color has-background\" href=\"https:\/\/youtu.be\/FSqAft9JEPk\" style=\"background-color:#006837;color:#e4d4c4\" target=\"_blank\" rel=\"noreferrer noopener\">CHECK DE PODCAST<\/a><\/div>\n<\/div>\n","protected":false},"excerpt":{"rendered":"<p>Gerard van Coffeeshop Cremers zit al sinds de \u201990s in de Haagse scene. Hoe ontwikkelde deze en wat vindt hij van dabs en het wietexperiment? <\/p>\n","protected":false},"author":6,"featured_media":6840,"comment_status":"open","ping_status":"closed","sticky":false,"template":"","format":"standard","meta":{"footnotes":""},"categories":[863],"tags":[909,625,837,627,514,518,546,897],"class_list":["post-6839","post","type-post","status-publish","format-standard","has-post-thumbnail","hentry","category-podcast-nl","tag-coffeeshop-2","tag-coffeeshop-cremers","tag-cremers-3","tag-den-haag","tag-podcast-2","tag-the-high-cloud-2","tag-uncle-kush-2","tag-wiet-2"],"yoast_head":"<!-- This site is optimized with the Yoast SEO plugin v27.3 - https:\/\/yoast.com\/product\/yoast-seo-wordpress\/ -->\n<title>Eigenaar Caf\u00e9 &amp; Coffeeshop Cremers in Den Haag: Gerard Smit - The Hi...<\/title>\n<meta name=\"description\" content=\"Gerard van Coffeeshop Cremers zit al sinds de \u201990s in de Haagse scene. Hoe ontwikkelde deze en wat vindt hij van dabs en het wietexperiment?\" \/>\n<meta name=\"robots\" content=\"index, follow, max-snippet:-1, max-image-preview:large, max-video-preview:-1\" \/>\n<link rel=\"canonical\" href=\"https:\/\/thehighcloud.eu\/nl\/2022\/09\/16\/eigenaar-cafe-coffeeshop-cremers-in-den-haag-gerard-smit-thc-podcast-s01e10\/\" \/>\n<meta property=\"og:locale\" content=\"nl_NL\" \/>\n<meta property=\"og:type\" content=\"article\" \/>\n<meta property=\"og:title\" content=\"Eigenaar Caf\u00e9 &amp; Coffeeshop Cremers in Den Haag: Gerard Smit - THC Podcast S01E10\" \/>\n<meta property=\"og:description\" content=\"Gerard van Coffeeshop Cremers zit al sinds de \u201990s in de Haagse scene. Hoe ontwikkelde deze en wat vindt hij van dabs en het wietexperiment?\" \/>\n<meta property=\"og:url\" content=\"https:\/\/thehighcloud.eu\/nl\/2022\/09\/16\/eigenaar-cafe-coffeeshop-cremers-in-den-haag-gerard-smit-thc-podcast-s01e10\/\" \/>\n<meta property=\"og:site_name\" content=\"The High Cloud\" \/>\n<meta property=\"article:published_time\" content=\"2022-09-16T04:20:00+00:00\" \/>\n<meta property=\"article:modified_time\" content=\"2025-04-03T10:52:14+00:00\" \/>\n<meta property=\"og:image\" content=\"https:\/\/thehighcloud.eu\/wp-content\/uploads\/2022\/09\/Coffeeshop-Cremers.jpeg\" \/>\n\t<meta property=\"og:image:width\" content=\"1280\" \/>\n\t<meta property=\"og:image:height\" content=\"720\" \/>\n\t<meta property=\"og:image:type\" content=\"image\/jpeg\" \/>\n<meta name=\"author\" content=\"Uncle Kush\" \/>\n<meta name=\"twitter:card\" content=\"summary_large_image\" \/>\n<meta name=\"twitter:title\" content=\"Eigenaar Caf\u00e9 &amp; Coffeeshop Cremers in Den Haag: Gerard Smit - THC Podcast S01E10\" \/>\n<meta name=\"twitter:description\" content=\"Gerard van Coffeeshop Cremers zit al sinds de \u201990s in de Haagse scene. Hoe ontwikkelde deze en wat vindt hij van dabs en het wietexperiment?\" \/>\n<meta name=\"twitter:image\" content=\"https:\/\/thehighcloud.eu\/wp-content\/uploads\/2022\/09\/Coffeeshop-Cremers.jpeg\" \/>\n<meta name=\"twitter:label1\" content=\"Geschreven door\" \/>\n\t<meta name=\"twitter:data1\" content=\"Uncle Kush\" \/>\n\t<meta name=\"twitter:label2\" content=\"Geschatte leestijd\" \/>\n\t<meta name=\"twitter:data2\" content=\"3 minuten\" \/>\n<script type=\"application\/ld+json\" class=\"yoast-schema-graph\">{\"@context\":\"https:\\\/\\\/schema.org\",\"@graph\":[{\"@type\":\"Article\",\"@id\":\"https:\\\/\\\/thehighcloud.eu\\\/nl\\\/2022\\\/09\\\/16\\\/eigenaar-cafe-coffeeshop-cremers-in-den-haag-gerard-smit-thc-podcast-s01e10\\\/#article\",\"isPartOf\":{\"@id\":\"https:\\\/\\\/thehighcloud.eu\\\/nl\\\/2022\\\/09\\\/16\\\/eigenaar-cafe-coffeeshop-cremers-in-den-haag-gerard-smit-thc-podcast-s01e10\\\/\"},\"author\":{\"name\":\"Uncle Kush\",\"@id\":\"https:\\\/\\\/thehighcloud.eu\\\/nl\\\/#\\\/schema\\\/person\\\/ed44c4c28b1fb43d177838a99be55f54\"},\"headline\":\"Eigenaar Caf\u00e9 &amp; Coffeeshop Cremers in Den Haag: Gerard Smit\",\"datePublished\":\"2022-09-16T04:20:00+00:00\",\"dateModified\":\"2025-04-03T10:52:14+00:00\",\"mainEntityOfPage\":{\"@id\":\"https:\\\/\\\/thehighcloud.eu\\\/nl\\\/2022\\\/09\\\/16\\\/eigenaar-cafe-coffeeshop-cremers-in-den-haag-gerard-smit-thc-podcast-s01e10\\\/\"},\"wordCount\":407,\"commentCount\":0,\"publisher\":{\"@id\":\"https:\\\/\\\/thehighcloud.eu\\\/nl\\\/#organization\"},\"image\":{\"@id\":\"https:\\\/\\\/thehighcloud.eu\\\/nl\\\/2022\\\/09\\\/16\\\/eigenaar-cafe-coffeeshop-cremers-in-den-haag-gerard-smit-thc-podcast-s01e10\\\/#primaryimage\"},\"thumbnailUrl\":\"https:\\\/\\\/thehighcloud.eu\\\/wp-content\\\/uploads\\\/2022\\\/09\\\/Coffeeshop-Cremers.jpeg\",\"keywords\":[\"coffeeshop\",\"coffeeshop cremers\",\"cremers\",\"den haag\",\"podcast\",\"the high cloud\",\"uncle kush\",\"wiet\"],\"articleSection\":[\"Podcast\"],\"inLanguage\":\"nl-NL\",\"potentialAction\":[{\"@type\":\"CommentAction\",\"name\":\"Comment\",\"target\":[\"https:\\\/\\\/thehighcloud.eu\\\/nl\\\/2022\\\/09\\\/16\\\/eigenaar-cafe-coffeeshop-cremers-in-den-haag-gerard-smit-thc-podcast-s01e10\\\/#respond\"]}]},{\"@type\":\"WebPage\",\"@id\":\"https:\\\/\\\/thehighcloud.eu\\\/nl\\\/2022\\\/09\\\/16\\\/eigenaar-cafe-coffeeshop-cremers-in-den-haag-gerard-smit-thc-podcast-s01e10\\\/\",\"url\":\"https:\\\/\\\/thehighcloud.eu\\\/nl\\\/2022\\\/09\\\/16\\\/eigenaar-cafe-coffeeshop-cremers-in-den-haag-gerard-smit-thc-podcast-s01e10\\\/\",\"name\":\"Eigenaar Caf\u00e9 & Coffeeshop Cremers in Den Haag: Gerard Smit - The Hi...\",\"isPartOf\":{\"@id\":\"https:\\\/\\\/thehighcloud.eu\\\/nl\\\/#website\"},\"primaryImageOfPage\":{\"@id\":\"https:\\\/\\\/thehighcloud.eu\\\/nl\\\/2022\\\/09\\\/16\\\/eigenaar-cafe-coffeeshop-cremers-in-den-haag-gerard-smit-thc-podcast-s01e10\\\/#primaryimage\"},\"image\":{\"@id\":\"https:\\\/\\\/thehighcloud.eu\\\/nl\\\/2022\\\/09\\\/16\\\/eigenaar-cafe-coffeeshop-cremers-in-den-haag-gerard-smit-thc-podcast-s01e10\\\/#primaryimage\"},\"thumbnailUrl\":\"https:\\\/\\\/thehighcloud.eu\\\/wp-content\\\/uploads\\\/2022\\\/09\\\/Coffeeshop-Cremers.jpeg\",\"datePublished\":\"2022-09-16T04:20:00+00:00\",\"dateModified\":\"2025-04-03T10:52:14+00:00\",\"description\":\"Gerard van Coffeeshop Cremers zit al sinds de \u201990s in de Haagse scene. Hoe ontwikkelde deze en wat vindt hij van dabs en het wietexperiment?\",\"breadcrumb\":{\"@id\":\"https:\\\/\\\/thehighcloud.eu\\\/nl\\\/2022\\\/09\\\/16\\\/eigenaar-cafe-coffeeshop-cremers-in-den-haag-gerard-smit-thc-podcast-s01e10\\\/#breadcrumb\"},\"inLanguage\":\"nl-NL\",\"potentialAction\":[{\"@type\":\"ReadAction\",\"target\":[\"https:\\\/\\\/thehighcloud.eu\\\/nl\\\/2022\\\/09\\\/16\\\/eigenaar-cafe-coffeeshop-cremers-in-den-haag-gerard-smit-thc-podcast-s01e10\\\/\"]}]},{\"@type\":\"ImageObject\",\"inLanguage\":\"nl-NL\",\"@id\":\"https:\\\/\\\/thehighcloud.eu\\\/nl\\\/2022\\\/09\\\/16\\\/eigenaar-cafe-coffeeshop-cremers-in-den-haag-gerard-smit-thc-podcast-s01e10\\\/#primaryimage\",\"url\":\"https:\\\/\\\/thehighcloud.eu\\\/wp-content\\\/uploads\\\/2022\\\/09\\\/Coffeeshop-Cremers.jpeg\",\"contentUrl\":\"https:\\\/\\\/thehighcloud.eu\\\/wp-content\\\/uploads\\\/2022\\\/09\\\/Coffeeshop-Cremers.jpeg\",\"width\":1280,\"height\":720,\"caption\":\"coffeeshop cremers the high cloud podcast\"},{\"@type\":\"BreadcrumbList\",\"@id\":\"https:\\\/\\\/thehighcloud.eu\\\/nl\\\/2022\\\/09\\\/16\\\/eigenaar-cafe-coffeeshop-cremers-in-den-haag-gerard-smit-thc-podcast-s01e10\\\/#breadcrumb\",\"itemListElement\":[{\"@type\":\"ListItem\",\"position\":1,\"name\":\"Home\",\"item\":\"https:\\\/\\\/thehighcloud.eu\\\/nl\\\/\"},{\"@type\":\"ListItem\",\"position\":2,\"name\":\"Eigenaar Caf\u00e9 &amp; Coffeeshop Cremers in Den Haag: Gerard Smit\"}]},{\"@type\":\"WebSite\",\"@id\":\"https:\\\/\\\/thehighcloud.eu\\\/nl\\\/#website\",\"url\":\"https:\\\/\\\/thehighcloud.eu\\\/nl\\\/\",\"name\":\"The High Cloud\",\"description\":\"\",\"publisher\":{\"@id\":\"https:\\\/\\\/thehighcloud.eu\\\/nl\\\/#organization\"},\"potentialAction\":[{\"@type\":\"SearchAction\",\"target\":{\"@type\":\"EntryPoint\",\"urlTemplate\":\"https:\\\/\\\/thehighcloud.eu\\\/nl\\\/?s={search_term_string}\"},\"query-input\":{\"@type\":\"PropertyValueSpecification\",\"valueRequired\":true,\"valueName\":\"search_term_string\"}}],\"inLanguage\":\"nl-NL\"},{\"@type\":\"Organization\",\"@id\":\"https:\\\/\\\/thehighcloud.eu\\\/nl\\\/#organization\",\"name\":\"The High Cloud\",\"url\":\"https:\\\/\\\/thehighcloud.eu\\\/nl\\\/\",\"logo\":{\"@type\":\"ImageObject\",\"inLanguage\":\"nl-NL\",\"@id\":\"https:\\\/\\\/thehighcloud.eu\\\/nl\\\/#\\\/schema\\\/logo\\\/image\\\/\",\"url\":\"https:\\\/\\\/thehighcloud.eu\\\/wp-content\\\/uploads\\\/2024\\\/11\\\/THC-logo-1024x739-2.png\",\"contentUrl\":\"https:\\\/\\\/thehighcloud.eu\\\/wp-content\\\/uploads\\\/2024\\\/11\\\/THC-logo-1024x739-2.png\",\"width\":1024,\"height\":739,\"caption\":\"The High Cloud\"},\"image\":{\"@id\":\"https:\\\/\\\/thehighcloud.eu\\\/nl\\\/#\\\/schema\\\/logo\\\/image\\\/\"}},{\"@type\":\"Person\",\"@id\":\"https:\\\/\\\/thehighcloud.eu\\\/nl\\\/#\\\/schema\\\/person\\\/ed44c4c28b1fb43d177838a99be55f54\",\"name\":\"Uncle Kush\",\"image\":{\"@type\":\"ImageObject\",\"inLanguage\":\"nl-NL\",\"@id\":\"https:\\\/\\\/secure.gravatar.com\\\/avatar\\\/8b9bc009c723e8bbc400c1841d814ab8207c7d597f114e6aaba0c0e91d5c8cac?s=96&d=mm&r=g\",\"url\":\"https:\\\/\\\/secure.gravatar.com\\\/avatar\\\/8b9bc009c723e8bbc400c1841d814ab8207c7d597f114e6aaba0c0e91d5c8cac?s=96&d=mm&r=g\",\"contentUrl\":\"https:\\\/\\\/secure.gravatar.com\\\/avatar\\\/8b9bc009c723e8bbc400c1841d814ab8207c7d597f114e6aaba0c0e91d5c8cac?s=96&d=mm&r=g\",\"caption\":\"Uncle Kush\"},\"url\":\"https:\\\/\\\/thehighcloud.eu\\\/nl\\\/author\\\/uncle-kush\\\/\"}]}<\/script>\n<!-- \/ Yoast SEO plugin. -->","yoast_head_json":{"title":"Eigenaar Caf\u00e9 & Coffeeshop Cremers in Den Haag: Gerard Smit - The Hi...","description":"Gerard van Coffeeshop Cremers zit al sinds de \u201990s in de Haagse scene. Hoe ontwikkelde deze en wat vindt hij van dabs en het wietexperiment?","robots":{"index":"index","follow":"follow","max-snippet":"max-snippet:-1","max-image-preview":"max-image-preview:large","max-video-preview":"max-video-preview:-1"},"canonical":"https:\/\/thehighcloud.eu\/nl\/2022\/09\/16\/eigenaar-cafe-coffeeshop-cremers-in-den-haag-gerard-smit-thc-podcast-s01e10\/","og_locale":"nl_NL","og_type":"article","og_title":"Eigenaar Caf\u00e9 & Coffeeshop Cremers in Den Haag: Gerard Smit - THC Podcast S01E10","og_description":"Gerard van Coffeeshop Cremers zit al sinds de \u201990s in de Haagse scene. Hoe ontwikkelde deze en wat vindt hij van dabs en het wietexperiment?","og_url":"https:\/\/thehighcloud.eu\/nl\/2022\/09\/16\/eigenaar-cafe-coffeeshop-cremers-in-den-haag-gerard-smit-thc-podcast-s01e10\/","og_site_name":"The High Cloud","article_published_time":"2022-09-16T04:20:00+00:00","article_modified_time":"2025-04-03T10:52:14+00:00","og_image":[{"width":1280,"height":720,"url":"https:\/\/thehighcloud.eu\/wp-content\/uploads\/2022\/09\/Coffeeshop-Cremers.jpeg","type":"image\/jpeg"}],"author":"Uncle Kush","twitter_card":"summary_large_image","twitter_title":"Eigenaar Caf\u00e9 & Coffeeshop Cremers in Den Haag: Gerard Smit - THC Podcast S01E10","twitter_description":"Gerard van Coffeeshop Cremers zit al sinds de \u201990s in de Haagse scene. Hoe ontwikkelde deze en wat vindt hij van dabs en het wietexperiment?","twitter_image":"https:\/\/thehighcloud.eu\/wp-content\/uploads\/2022\/09\/Coffeeshop-Cremers.jpeg","twitter_misc":{"Geschreven door":"Uncle Kush","Geschatte leestijd":"3 minuten"},"schema":{"@context":"https:\/\/schema.org","@graph":[{"@type":"Article","@id":"https:\/\/thehighcloud.eu\/nl\/2022\/09\/16\/eigenaar-cafe-coffeeshop-cremers-in-den-haag-gerard-smit-thc-podcast-s01e10\/#article","isPartOf":{"@id":"https:\/\/thehighcloud.eu\/nl\/2022\/09\/16\/eigenaar-cafe-coffeeshop-cremers-in-den-haag-gerard-smit-thc-podcast-s01e10\/"},"author":{"name":"Uncle Kush","@id":"https:\/\/thehighcloud.eu\/nl\/#\/schema\/person\/ed44c4c28b1fb43d177838a99be55f54"},"headline":"Eigenaar Caf\u00e9 &amp; Coffeeshop Cremers in Den Haag: Gerard Smit","datePublished":"2022-09-16T04:20:00+00:00","dateModified":"2025-04-03T10:52:14+00:00","mainEntityOfPage":{"@id":"https:\/\/thehighcloud.eu\/nl\/2022\/09\/16\/eigenaar-cafe-coffeeshop-cremers-in-den-haag-gerard-smit-thc-podcast-s01e10\/"},"wordCount":407,"commentCount":0,"publisher":{"@id":"https:\/\/thehighcloud.eu\/nl\/#organization"},"image":{"@id":"https:\/\/thehighcloud.eu\/nl\/2022\/09\/16\/eigenaar-cafe-coffeeshop-cremers-in-den-haag-gerard-smit-thc-podcast-s01e10\/#primaryimage"},"thumbnailUrl":"https:\/\/thehighcloud.eu\/wp-content\/uploads\/2022\/09\/Coffeeshop-Cremers.jpeg","keywords":["coffeeshop","coffeeshop cremers","cremers","den haag","podcast","the high cloud","uncle kush","wiet"],"articleSection":["Podcast"],"inLanguage":"nl-NL","potentialAction":[{"@type":"CommentAction","name":"Comment","target":["https:\/\/thehighcloud.eu\/nl\/2022\/09\/16\/eigenaar-cafe-coffeeshop-cremers-in-den-haag-gerard-smit-thc-podcast-s01e10\/#respond"]}]},{"@type":"WebPage","@id":"https:\/\/thehighcloud.eu\/nl\/2022\/09\/16\/eigenaar-cafe-coffeeshop-cremers-in-den-haag-gerard-smit-thc-podcast-s01e10\/","url":"https:\/\/thehighcloud.eu\/nl\/2022\/09\/16\/eigenaar-cafe-coffeeshop-cremers-in-den-haag-gerard-smit-thc-podcast-s01e10\/","name":"Eigenaar Caf\u00e9 & Coffeeshop Cremers in Den Haag: Gerard Smit - The Hi...","isPartOf":{"@id":"https:\/\/thehighcloud.eu\/nl\/#website"},"primaryImageOfPage":{"@id":"https:\/\/thehighcloud.eu\/nl\/2022\/09\/16\/eigenaar-cafe-coffeeshop-cremers-in-den-haag-gerard-smit-thc-podcast-s01e10\/#primaryimage"},"image":{"@id":"https:\/\/thehighcloud.eu\/nl\/2022\/09\/16\/eigenaar-cafe-coffeeshop-cremers-in-den-haag-gerard-smit-thc-podcast-s01e10\/#primaryimage"},"thumbnailUrl":"https:\/\/thehighcloud.eu\/wp-content\/uploads\/2022\/09\/Coffeeshop-Cremers.jpeg","datePublished":"2022-09-16T04:20:00+00:00","dateModified":"2025-04-03T10:52:14+00:00","description":"Gerard van Coffeeshop Cremers zit al sinds de \u201990s in de Haagse scene. Hoe ontwikkelde deze en wat vindt hij van dabs en het wietexperiment?","breadcrumb":{"@id":"https:\/\/thehighcloud.eu\/nl\/2022\/09\/16\/eigenaar-cafe-coffeeshop-cremers-in-den-haag-gerard-smit-thc-podcast-s01e10\/#breadcrumb"},"inLanguage":"nl-NL","potentialAction":[{"@type":"ReadAction","target":["https:\/\/thehighcloud.eu\/nl\/2022\/09\/16\/eigenaar-cafe-coffeeshop-cremers-in-den-haag-gerard-smit-thc-podcast-s01e10\/"]}]},{"@type":"ImageObject","inLanguage":"nl-NL","@id":"https:\/\/thehighcloud.eu\/nl\/2022\/09\/16\/eigenaar-cafe-coffeeshop-cremers-in-den-haag-gerard-smit-thc-podcast-s01e10\/#primaryimage","url":"https:\/\/thehighcloud.eu\/wp-content\/uploads\/2022\/09\/Coffeeshop-Cremers.jpeg","contentUrl":"https:\/\/thehighcloud.eu\/wp-content\/uploads\/2022\/09\/Coffeeshop-Cremers.jpeg","width":1280,"height":720,"caption":"coffeeshop cremers the high cloud podcast"},{"@type":"BreadcrumbList","@id":"https:\/\/thehighcloud.eu\/nl\/2022\/09\/16\/eigenaar-cafe-coffeeshop-cremers-in-den-haag-gerard-smit-thc-podcast-s01e10\/#breadcrumb","itemListElement":[{"@type":"ListItem","position":1,"name":"Home","item":"https:\/\/thehighcloud.eu\/nl\/"},{"@type":"ListItem","position":2,"name":"Eigenaar Caf\u00e9 &amp; Coffeeshop Cremers in Den Haag: Gerard Smit"}]},{"@type":"WebSite","@id":"https:\/\/thehighcloud.eu\/nl\/#website","url":"https:\/\/thehighcloud.eu\/nl\/","name":"The High Cloud","description":"","publisher":{"@id":"https:\/\/thehighcloud.eu\/nl\/#organization"},"potentialAction":[{"@type":"SearchAction","target":{"@type":"EntryPoint","urlTemplate":"https:\/\/thehighcloud.eu\/nl\/?s={search_term_string}"},"query-input":{"@type":"PropertyValueSpecification","valueRequired":true,"valueName":"search_term_string"}}],"inLanguage":"nl-NL"},{"@type":"Organization","@id":"https:\/\/thehighcloud.eu\/nl\/#organization","name":"The High Cloud","url":"https:\/\/thehighcloud.eu\/nl\/","logo":{"@type":"ImageObject","inLanguage":"nl-NL","@id":"https:\/\/thehighcloud.eu\/nl\/#\/schema\/logo\/image\/","url":"https:\/\/thehighcloud.eu\/wp-content\/uploads\/2024\/11\/THC-logo-1024x739-2.png","contentUrl":"https:\/\/thehighcloud.eu\/wp-content\/uploads\/2024\/11\/THC-logo-1024x739-2.png","width":1024,"height":739,"caption":"The High Cloud"},"image":{"@id":"https:\/\/thehighcloud.eu\/nl\/#\/schema\/logo\/image\/"}},{"@type":"Person","@id":"https:\/\/thehighcloud.eu\/nl\/#\/schema\/person\/ed44c4c28b1fb43d177838a99be55f54","name":"Uncle Kush","image":{"@type":"ImageObject","inLanguage":"nl-NL","@id":"https:\/\/secure.gravatar.com\/avatar\/8b9bc009c723e8bbc400c1841d814ab8207c7d597f114e6aaba0c0e91d5c8cac?s=96&d=mm&r=g","url":"https:\/\/secure.gravatar.com\/avatar\/8b9bc009c723e8bbc400c1841d814ab8207c7d597f114e6aaba0c0e91d5c8cac?s=96&d=mm&r=g","contentUrl":"https:\/\/secure.gravatar.com\/avatar\/8b9bc009c723e8bbc400c1841d814ab8207c7d597f114e6aaba0c0e91d5c8cac?s=96&d=mm&r=g","caption":"Uncle Kush"},"url":"https:\/\/thehighcloud.eu\/nl\/author\/uncle-kush\/"}]}},"_links":{"self":[{"href":"https:\/\/thehighcloud.eu\/nl\/wp-json\/wp\/v2\/posts\/6839","targetHints":{"allow":["GET"]}}],"collection":[{"href":"https:\/\/thehighcloud.eu\/nl\/wp-json\/wp\/v2\/posts"}],"about":[{"href":"https:\/\/thehighcloud.eu\/nl\/wp-json\/wp\/v2\/types\/post"}],"author":[{"embeddable":true,"href":"https:\/\/thehighcloud.eu\/nl\/wp-json\/wp\/v2\/users\/6"}],"replies":[{"embeddable":true,"href":"https:\/\/thehighcloud.eu\/nl\/wp-json\/wp\/v2\/comments?post=6839"}],"version-history":[{"count":2,"href":"https:\/\/thehighcloud.eu\/nl\/wp-json\/wp\/v2\/posts\/6839\/revisions"}],"predecessor-version":[{"id":12031,"href":"https:\/\/thehighcloud.eu\/nl\/wp-json\/wp\/v2\/posts\/6839\/revisions\/12031"}],"wp:featuredmedia":[{"embeddable":true,"href":"https:\/\/thehighcloud.eu\/nl\/wp-json\/wp\/v2\/media\/6840"}],"wp:attachment":[{"href":"https:\/\/thehighcloud.eu\/nl\/wp-json\/wp\/v2\/media?parent=6839"}],"wp:term":[{"taxonomy":"category","embeddable":true,"href":"https:\/\/thehighcloud.eu\/nl\/wp-json\/wp\/v2\/categories?post=6839"},{"taxonomy":"post_tag","embeddable":true,"href":"https:\/\/thehighcloud.eu\/nl\/wp-json\/wp\/v2\/tags?post=6839"}],"curies":[{"name":"wp","href":"https:\/\/api.w.org\/{rel}","templated":true}]}}